
{"id":840,"date":"2026-04-15T12:00:29","date_gmt":"2026-04-15T15:00:29","guid":{"rendered":"https:\/\/citypass.com.ar\/?p=840"},"modified":"2026-04-30T13:02:50","modified_gmt":"2026-04-30T16:02:50","slug":"patrimonio-y-museos-portenos-presentan-nuevas-publicaciones-en-la-feria-del-libro","status":"publish","type":"post","link":"https:\/\/citypass.com.ar\/?p=840","title":{"rendered":"Patrimonio y museos porte\u00f1os presentan nuevas publicaciones en la Feria del Libro"},"content":{"rendered":"<p>El Ministerio de Cultura porte\u00f1o participa de la 50a Feria Internacional del Libro de Buenos Aires con <strong>actividades y publicaciones en el predio de La Rural<\/strong> (Av. Santa Fe 4201, Av. Sarmiento 2704 y Av. Cervi\u00f1o 4474). En ese marco, cuenta con presencia en su<strong> stand 1400 del Pabell\u00f3n Amarillo, donde hay charlas, presentaciones de libros, m\u00fasica en vivo y la participaci\u00f3n de 40 sellos editoriales independientes.<\/strong> Entre las propuestas destacadas, la programaci\u00f3n vinculada al patrimonio, los museos y el casco hist\u00f3rico porte\u00f1o duplica la del a\u00f1o pasado, incorpora una actividad en sala y suma nuevos t\u00edtulos que consolidan su producci\u00f3n editorial.<\/p>\n<p><strong>De las cinco publicaciones en papel que se compartir\u00e1n en 2026, dos cobran relevancia en la difusi\u00f3n masiva del patrimonio p\u00fablico<\/strong>: la primera edici\u00f3n de un libro de paleontolog\u00eda urbana, <strong>El paleont\u00f3logo porte\u00f1o<\/strong>. Diez cr\u00f3nicas de paleontolog\u00eda en la Ciudad de Buenos Aires, ampliamente ilustrado, y la publicaci\u00f3n de la primera <strong>revista de Patrimonio de Buenos Aires<\/strong> de la Direcci\u00f3n General de Patrimonio, Museos y Cascos Hist\u00f3ricos, con actualidad, agenda, entrevistas y art\u00edculos de fondo por especialistas de las tres gerencias.<\/p>\n<p>De suma importancia adem\u00e1s es la<strong> edici\u00f3n de cat\u00e1logos que reflejan dos importantes exposiciones. <\/strong>Una del Museo S\u00edvori, <strong>Ecos en la colecci\u00f3n. #Antonio_Influencer, en torno a los 120 a\u00f1os del nacimiento de Antonio Berni en 2025<\/strong>, y que reuni\u00f3 las piezas del maestro rosarino que pertenecen al museo, junto con obras de artistas de diferentes \u00e9pocas. <strong>La otra, Carlos Gardel Dibujado, se present\u00f3 en la Casa del Historiador por los 90 a\u00f1os del fallecimiento de Gardel<\/strong> y fue la primera vez que se reuni\u00f3 la historieta y la ilustraci\u00f3n sobre el Zorzal Criollo. En ella, la gran colecci\u00f3n de la acad\u00e9mica gardeliana Ana Tur\u00f3n se complement\u00f3 con material del Museo del Humor y el Museo del Cine.<\/p>\n<p>A estas ediciones se suma <strong>Buenos Aires Catalana<\/strong>, el homenaje y an\u00e1lisis de la huella de los catalanes que dejaron una profunda marca en las artes y la cultura de Buenos Aires.<\/p>\n<p>Todas las publicaciones <strong>se encuentran a disposici\u00f3n del p\u00fablico en formato papel en los puntos de ventas de museos y la Torre Monumental.<\/strong> A la brevedad tambi\u00e9n estar\u00e1n disponibles las versiones digitales de El paleont\u00f3logo porte\u00f1o y de la revista de Patrimonio de Buenos Aires en la Biblioteca Jorge Luis Borges y en la p\u00e1gina oficial de la DGPMyCH.<\/p>\n<p>Grilla de actividades:<\/p>\n<p>Mi\u00e9rcoles 29 de abril, 18 h<br \/>\n<strong>Buenos Aires Catalana<\/strong><br \/>\nStand Ministerio de Cultura<br \/>\nMesa: Josep Vives i Portell, Daniel Paredes, P\u00eda Moreira y Patricia M\u00e9ndez<\/p>\n<p>Jueves 7 de mayo, 16 h<br \/>\n<strong>El Paleont\u00f3logo Porte\u00f1o. Diez cr\u00f3nicas de paleontolog\u00eda en la Ciudad de Buenos Aires<\/strong><br \/>\nSala Rodolfo Walsh<br \/>\nMesa: Federico Agnol\u00edn, Santi Reuil y Eduardo Tonni. Modera: Horacio Padula<\/p>\n<p>Viernes 8 de mayo, 17 h<br \/>\n<strong>Cat\u00e1logos de Patrimonio y Museos de la Ciudad: Carlos Gardel Dibujado; y Berni. Ecos en la colecci\u00f3n. #Antonio_Influencer\u00a0<\/strong><br \/>\nStand Ministerio de Cultura<br \/>\nMesa: Ana Tur\u00f3n, Silvia Troian y Mariel Carrubba Laraignee. Modera: Mariano Oropeza<\/p>\n<p>S\u00e1bado 9 de mayo, 17 h.<br \/>\n<strong>Lanzamiento de la revista de Patrimonio de Buenos Aires<\/strong><br \/>\nStand Ministerio de Cultura<br \/>\nMesa: Sergio Pedernera, Martha Mart\u00ednez, Marcelo Bukavec y Pedro Aparicio. Modera: Mariano Oropeza.<\/p>\n","protected":false},"excerpt":{"rendered":"<p>El Ministerio de Cultura porte\u00f1o participa de la 50a Feria Internacional del Libro de Buenos Aires con actividades y publicaciones en el predio de La Rural (Av. Santa Fe 4201, Av. Sarmiento 2704 y Av. Cervi\u00f1o 4474). En ese marco, cuenta con presencia en su stand 1400 del Pabell\u00f3n Amarillo, donde hay charlas, presentaciones de libros, m\u00fasica en vivo y la participaci\u00f3n de 40 sellos editoriales independientes. Entre las propuestas destacadas, la programaci\u00f3n vinculada al patrimonio, los museos y el casco hist\u00f3rico porte\u00f1o duplica la del a\u00f1o pasado, incorpora una actividad en sala y suma nuevos t\u00edtulos que consolidan su producci\u00f3n editorial. De las cinco publicaciones en papel que se compartir\u00e1n en 2026, dos cobran relevancia en la difusi\u00f3n masiva del patrimonio p\u00fablico: la primera edici\u00f3n de un libro de paleontolog\u00eda urbana, El paleont\u00f3logo porte\u00f1o. Diez cr\u00f3nicas de paleontolog\u00eda en la Ciudad de Buenos Aires, ampliamente ilustrado, y la publicaci\u00f3n de la primera revista de Patrimonio de Buenos Aires de la Direcci\u00f3n General de Patrimonio, Museos y Cascos Hist\u00f3ricos, con actualidad, agenda, entrevistas y art\u00edculos de fondo por especialistas de las tres gerencias. De suma importancia adem\u00e1s es la edici\u00f3n de cat\u00e1logos que reflejan dos importantes exposiciones. Una del Museo&#8230;<\/p>\n","protected":false},"author":1,"featured_media":0,"comment_status":"open","ping_status":"open","sticky":false,"template":"","format":"standard","meta":{"footnotes":""},"categories":[1],"tags":[],"class_list":["post-840","post","type-post","status-publish","format-standard","hentry","category-general"],"_links":{"self":[{"href":"https:\/\/citypass.com.ar\/index.php?rest_route=\/wp\/v2\/posts\/840"}],"collection":[{"href":"https:\/\/citypass.com.ar\/index.php?rest_route=\/wp\/v2\/posts"}],"about":[{"href":"https:\/\/citypass.com.ar\/index.php?rest_route=\/wp\/v2\/types\/post"}],"author":[{"embeddable":true,"href":"https:\/\/citypass.com.ar\/index.php?rest_route=\/wp\/v2\/users\/1"}],"replies":[{"embeddable":true,"href":"https:\/\/citypass.com.ar\/index.php?rest_route=%2Fwp%2Fv2%2Fcomments&post=840"}],"version-history":[{"count":2,"href":"https:\/\/citypass.com.ar\/index.php?rest_route=\/wp\/v2\/posts\/840\/revisions"}],"predecessor-version":[{"id":842,"href":"https:\/\/citypass.com.ar\/index.php?rest_route=\/wp\/v2\/posts\/840\/revisions\/842"}],"wp:attachment":[{"href":"https:\/\/citypass.com.ar\/index.php?rest_route=%2Fwp%2Fv2%2Fmedia&parent=840"}],"wp:term":[{"taxonomy":"category","embeddable":true,"href":"https:\/\/citypass.com.ar\/index.php?rest_route=%2Fwp%2Fv2%2Fcategories&post=840"},{"taxonomy":"post_tag","embeddable":true,"href":"https:\/\/citypass.com.ar\/index.php?rest_route=%2Fwp%2Fv2%2Ftags&post=840"}],"curies":[{"name":"wp","href":"https:\/\/api.w.org\/{rel}","templated":true}]}}