
{"id":941,"date":"2026-08-02T17:00:10","date_gmt":"2026-08-02T20:00:10","guid":{"rendered":"https:\/\/citypass.com.ar\/?p=941"},"modified":"2026-08-31T17:36:18","modified_gmt":"2026-08-31T20:36:18","slug":"la-semana-del-arbol-cerro-con-plantaciones-y-una-jornada-educativa-en-el-vivero-de-la-ciudad","status":"publish","type":"post","link":"https:\/\/citypass.com.ar\/?p=941","title":{"rendered":"La Semana del \u00c1rbol cerr\u00f3 con plantaciones y una jornada educativa en el Vivero de la Ciudad"},"content":{"rendered":"<p>La iniciativa, que se desarroll\u00f3 del 19 al 28 de agosto, reuni\u00f3 a alumnos, docentes, especialistas e instituciones en jornadas de plantaci\u00f3n, recorridos educativos y propuestas de concientizaci\u00f3n sobre la importancia del arbolado urbano.<\/p>\n<p>La Ciudad celebr\u00f3 una <strong>nueva edici\u00f3n de la Semana del \u00c1rbol<\/strong> con una agenda de actividades desarrollada entre el 19 y el 28 de agosto. Durante esos d\u00edas, escuelas, especialistas e instituciones participaron de plantaciones, recorridos educativos y charlas destinadas a promover el conocimiento, el cuidado y la preservaci\u00f3n del arbolado porte\u00f1o.<\/p>\n<p>El jueves 28 de agosto se llevaron a cabo las \u00faltimas actividades de esta edici\u00f3n 2026 de la Semana del \u00c1rbol, con nuevas jornadas destinadas a acercar a los vecinos y a la comunidad educativa al conocimiento y cuidado del patrimonio verde de la Ciudad.<\/p>\n<p>Durante el comienzo de la jornada se realizaron <strong>plantaciones de \u00e1rboles en la Comuna 3<\/strong>, junto a alumnos de la Escuela E.P.C. N\u00b0 7 D.E. 6 &#8220;Olegario V\u00edctor Andrade\u201d <strong>y en la Comuna 11<\/strong>, con alumnos del Jard\u00edn Antonio Berni.<\/p>\n","protected":false},"excerpt":{"rendered":"<p>La iniciativa, que se desarroll\u00f3 del 19 al 28 de agosto, reuni\u00f3 a alumnos, docentes, especialistas e instituciones en jornadas de plantaci\u00f3n, recorridos educativos y propuestas de concientizaci\u00f3n sobre la importancia del arbolado urbano. La Ciudad celebr\u00f3 una nueva edici\u00f3n de la Semana del \u00c1rbol con una agenda de actividades desarrollada entre el 19 y el 28 de agosto. Durante esos d\u00edas, escuelas, especialistas e instituciones participaron de plantaciones, recorridos educativos y charlas destinadas a promover el conocimiento, el cuidado y la preservaci\u00f3n del arbolado porte\u00f1o. El jueves 28 de agosto se llevaron a cabo las \u00faltimas actividades de esta edici\u00f3n 2026 de la Semana del \u00c1rbol, con nuevas jornadas destinadas a acercar a los vecinos y a la comunidad educativa al conocimiento y cuidado del patrimonio verde de la Ciudad. Durante el comienzo de la jornada se realizaron plantaciones de \u00e1rboles en la Comuna 3, junto a alumnos de la Escuela E.P.C. N\u00b0 7 D.E. 6 &#8220;Olegario V\u00edctor Andrade\u201d y en la Comuna 11, con alumnos del Jard\u00edn Antonio Berni.<\/p>\n","protected":false},"author":1,"featured_media":0,"comment_status":"open","ping_status":"open","sticky":false,"template":"","format":"standard","meta":{"footnotes":""},"categories":[1],"tags":[],"class_list":["post-941","post","type-post","status-publish","format-standard","hentry","category-general"],"_links":{"self":[{"href":"https:\/\/citypass.com.ar\/index.php?rest_route=\/wp\/v2\/posts\/941"}],"collection":[{"href":"https:\/\/citypass.com.ar\/index.php?rest_route=\/wp\/v2\/posts"}],"about":[{"href":"https:\/\/citypass.com.ar\/index.php?rest_route=\/wp\/v2\/types\/post"}],"author":[{"embeddable":true,"href":"https:\/\/citypass.com.ar\/index.php?rest_route=\/wp\/v2\/users\/1"}],"replies":[{"embeddable":true,"href":"https:\/\/citypass.com.ar\/index.php?rest_route=%2Fwp%2Fv2%2Fcomments&post=941"}],"version-history":[{"count":3,"href":"https:\/\/citypass.com.ar\/index.php?rest_route=\/wp\/v2\/posts\/941\/revisions"}],"predecessor-version":[{"id":944,"href":"https:\/\/citypass.com.ar\/index.php?rest_route=\/wp\/v2\/posts\/941\/revisions\/944"}],"wp:attachment":[{"href":"https:\/\/citypass.com.ar\/index.php?rest_route=%2Fwp%2Fv2%2Fmedia&parent=941"}],"wp:term":[{"taxonomy":"category","embeddable":true,"href":"https:\/\/citypass.com.ar\/index.php?rest_route=%2Fwp%2Fv2%2Fcategories&post=941"},{"taxonomy":"post_tag","embeddable":true,"href":"https:\/\/citypass.com.ar\/index.php?rest_route=%2Fwp%2Fv2%2Ftags&post=941"}],"curies":[{"name":"wp","href":"https:\/\/api.w.org\/{rel}","templated":true}]}}