
{"id":953,"date":"2026-08-06T17:00:11","date_gmt":"2026-08-06T20:00:11","guid":{"rendered":"https:\/\/citypass.com.ar\/?p=953"},"modified":"2026-08-31T17:34:06","modified_gmt":"2026-08-31T20:34:06","slug":"alumnos-y-maestros-deberan-dejar-las-escuelas-en-perfectas-condiciones","status":"publish","type":"post","link":"https:\/\/citypass.com.ar\/?p=953","title":{"rendered":"Alumnos y maestros deber\u00e1n dejar las escuelas en perfectas condiciones"},"content":{"rendered":"<p>La Ciudad, a trav\u00e9s del <a title=\"Ministerio de Educaci\u00f3n\" href=\"https:\/\/buenosaires.gob.ar\/gcaba_historico\/educacion\"><strong>Ministerio de Educaci\u00f3n<\/strong><\/a>, cre\u00f3 el &#8220;Marco general para la cultura del cuidado en establecimientos educativos&#8221;, un nuevo protocolo de cuidado, orden y limpieza de las escuelas que establece que estudiantes, docentes y el resto del personal escolar deber\u00e1n dejar aulas, patios, comedores y el resto de los espacios comunes limpios, ordenados y en condiciones adecuadas al finalizar cada jornada escolar.<\/p>\n<p>Hasta ahora algunas instituciones ya desarrollaban pr\u00e1cticas de cuidado, pero no exist\u00eda un<strong> marco general <\/strong>que organizara estas acciones para todo el sistema. A partir del nuevo protocolo cada integrante de la comunidad educativa tendr\u00e1 un rol concreto.<\/p>\n<p>&#8220;Durante a\u00f1os se instal\u00f3 la idea de que romper, ensuciar o no cumplir las reglas daba lo mismo. Siempre hab\u00eda un \u201cotro\u201d que se hac\u00eda cargo. Nosotros creemos en una educaci\u00f3n con cultura del orden y respeto por las reglas. Una educaci\u00f3n donde los chicos aprendan desde el principio que no da todo lo mismo. Recuperar valores b\u00e1sicos. Los que nunca deber\u00edamos haber perdido&#8221; , sostuvo el Jefe de Gobierno, <strong>Jorge Macri<\/strong>.<\/p>\n<p>La medida alcanza a<strong> todos los niveles y modalidades educativas<\/strong>, tanto de <strong>gesti\u00f3n estatal como privada<\/strong>. Los alumnos, adem\u00e1s de mantener ordenados los espacios comunes, deber\u00e1n cuidar el mobiliario y evitar la vandalizaci\u00f3n de paredes, ba\u00f1os y espacios verdes; adem\u00e1s, los docentes deber\u00e1n acompa\u00f1ar la construcci\u00f3n de estos h\u00e1bitos y los equipos directivos ser\u00e1n responsables de liderar la implementaci\u00f3n.<\/p>\n<p>Aquellos <strong>da\u00f1os generados intencionalmente<\/strong>, que no requieran atenci\u00f3n inmediata, ser\u00e1n abordados por la comunidad educativa del establecimiento escolar, por ejemplo grafitis en bancos o paredes, y rotura de mobiliario.<\/p>\n","protected":false},"excerpt":{"rendered":"<p>La Ciudad, a trav\u00e9s del Ministerio de Educaci\u00f3n, cre\u00f3 el &#8220;Marco general para la cultura del cuidado en establecimientos educativos&#8221;, un nuevo protocolo de cuidado, orden y limpieza de las escuelas que establece que estudiantes, docentes y el resto del personal escolar deber\u00e1n dejar aulas, patios, comedores y el resto de los espacios comunes limpios, ordenados y en condiciones adecuadas al finalizar cada jornada escolar. Hasta ahora algunas instituciones ya desarrollaban pr\u00e1cticas de cuidado, pero no exist\u00eda un marco general que organizara estas acciones para todo el sistema. A partir del nuevo protocolo cada integrante de la comunidad educativa tendr\u00e1 un rol concreto. &#8220;Durante a\u00f1os se instal\u00f3 la idea de que romper, ensuciar o no cumplir las reglas daba lo mismo. Siempre hab\u00eda un \u201cotro\u201d que se hac\u00eda cargo. Nosotros creemos en una educaci\u00f3n con cultura del orden y respeto por las reglas. Una educaci\u00f3n donde los chicos aprendan desde el principio que no da todo lo mismo. Recuperar valores b\u00e1sicos. Los que nunca deber\u00edamos haber perdido&#8221; , sostuvo el Jefe de Gobierno, Jorge Macri. La medida alcanza a todos los niveles y modalidades educativas, tanto de gesti\u00f3n estatal como privada. Los alumnos, adem\u00e1s de mantener ordenados los espacios comunes,&#8230;<\/p>\n","protected":false},"author":1,"featured_media":955,"comment_status":"open","ping_status":"open","sticky":false,"template":"","format":"standard","meta":{"footnotes":""},"categories":[1],"tags":[],"class_list":["post-953","post","type-post","status-publish","format-standard","has-post-thumbnail","hentry","category-general"],"_links":{"self":[{"href":"https:\/\/citypass.com.ar\/index.php?rest_route=\/wp\/v2\/posts\/953"}],"collection":[{"href":"https:\/\/citypass.com.ar\/index.php?rest_route=\/wp\/v2\/posts"}],"about":[{"href":"https:\/\/citypass.com.ar\/index.php?rest_route=\/wp\/v2\/types\/post"}],"author":[{"embeddable":true,"href":"https:\/\/citypass.com.ar\/index.php?rest_route=\/wp\/v2\/users\/1"}],"replies":[{"embeddable":true,"href":"https:\/\/citypass.com.ar\/index.php?rest_route=%2Fwp%2Fv2%2Fcomments&post=953"}],"version-history":[{"count":1,"href":"https:\/\/citypass.com.ar\/index.php?rest_route=\/wp\/v2\/posts\/953\/revisions"}],"predecessor-version":[{"id":956,"href":"https:\/\/citypass.com.ar\/index.php?rest_route=\/wp\/v2\/posts\/953\/revisions\/956"}],"wp:featuredmedia":[{"embeddable":true,"href":"https:\/\/citypass.com.ar\/index.php?rest_route=\/wp\/v2\/media\/955"}],"wp:attachment":[{"href":"https:\/\/citypass.com.ar\/index.php?rest_route=%2Fwp%2Fv2%2Fmedia&parent=953"}],"wp:term":[{"taxonomy":"category","embeddable":true,"href":"https:\/\/citypass.com.ar\/index.php?rest_route=%2Fwp%2Fv2%2Fcategories&post=953"},{"taxonomy":"post_tag","embeddable":true,"href":"https:\/\/citypass.com.ar\/index.php?rest_route=%2Fwp%2Fv2%2Ftags&post=953"}],"curies":[{"name":"wp","href":"https:\/\/api.w.org\/{rel}","templated":true}]}}